{"id":3368,"date":"2019-09-24T11:21:29","date_gmt":"2019-09-24T09:21:29","guid":{"rendered":"http:\/\/centrum-kultury.pl\/biblioteka\/?p=3368"},"modified":"2020-11-10T13:46:21","modified_gmt":"2020-11-10T12:46:21","slug":"akcja-wspolne-czytanie-z-kinder","status":"publish","type":"post","link":"http:\/\/centrum-kultury.pl\/biblioteka\/akcja-wspolne-czytanie-z-kinder\/","title":{"rendered":"Akcja Wsp\u00f3lne czytanie z Kinder"},"content":{"rendered":"\n<p>Zach\u0119camy do udzia\u0142u w kampanii Kinder i g\u0142osowanie na nasz\u0105 bibliotek\u0119.   Ka\u017cdy g\u0142os si\u0119 liczy!<\/p>\n\n\n\n<!--more-->\n\n\n\n<h2>Na czym polega udzia\u0142 w akcji? <\/h2>\n\n\n\n<p>To dziecinnie proste! Wystarczy wej\u015b\u0107 na stron\u0119:&nbsp;<a rel=\"noreferrer noopener\" href=\"https:\/\/www.kinder.com\/pl\/pl\/xp\/wspolneczytanie\/?fbclid=IwAR07wmn0cjnGd8eBVc20Y5ZB5n4z9ywUVQGwXg36DaBXy3tpHkT2Z92btfo\" target=\"_blank\">https:\/\/www.kinder.com\/pl\/pl\/xp\/wspolneczytanie\/<\/a><br>i zarejestrowa\u0107 si\u0119, by m\u00f3c codziennie zag\u0142osowa\u0107 na nasz\u0105 bibliotek\u0119 (MBP Knur\u00f3w).<\/p>\n\n\n\n<h2>Dla kogo i po co jest ta kampania?<\/h2>\n\n\n\n<p>Akcja Kinder promuje ciekawe sposoby sp\u0119dzania czasu przez wsp\u00f3lne czytanie. Kampania jest dedykowana dzieciom i ich rodzinom, jak r\u00f3wnie\u017c bibliotekom.<\/p>\n\n\n\n<h2>Jakie nagrody s\u0105 przewidziane dla zwyci\u0119zc\u00f3w?<\/h2>\n\n\n\n<p>Firma Kinder Nagrodzi 300 bibliotek, kt\u00f3re zbior\u0105 najwi\u0119cej g\u0142os\u00f3w:<br>?50 bibliotek otrzyma 5000 z\u0142 na zakup ksi\u0105\u017cek do wsp\u00f3lnego czytania z dzieckiem,<br>?nast\u0119pne 250 dostanie ksi\u0105\u017cki o warto\u015bci 300 z\u0142, z tych kt\u00f3re zdoby\u0142y najwi\u0119cej g\u0142os\u00f3w w rankingu.<br>?Dodatkowo zwyci\u0119skie biblioteki otrzymaj\u0105 po 2 pufy, dzi\u0119ki kt\u00f3rym b\u0119d\u0105 mog\u0142y urz\u0105dzi\u0107 w bibliotece k\u0105cik do wsp\u00f3lnego czytania.<\/p>\n\n\n\n<h2>Do kiedy mo\u017cna g\u0142osowa\u0107?<\/h2>\n\n\n\n<p>G\u0142osowanie na biblioteki trwa do 4.11.2019. Mo\u017cna odda\u0107 jeden g\u0142os dziennie.<\/p>\n","protected":false},"excerpt":{"rendered":"<p>Zach\u0119camy do udzia\u0142u w kampanii Kinder i g\u0142osowanie na nasz\u0105 bibliotek\u0119. Ka\u017cdy g\u0142os si\u0119 liczy!<\/p>\n","protected":false},"author":3,"featured_media":3369,"comment_status":"open","ping_status":"open","sticky":false,"template":"","format":"standard","meta":{"_vp_format_video_url":"","_vp_image_focal_point":[]},"categories":[1],"tags":[],"_links":{"self":[{"href":"http:\/\/centrum-kultury.pl\/biblioteka\/wp-json\/wp\/v2\/posts\/3368"}],"collection":[{"href":"http:\/\/centrum-kultury.pl\/biblioteka\/wp-json\/wp\/v2\/posts"}],"about":[{"href":"http:\/\/centrum-kultury.pl\/biblioteka\/wp-json\/wp\/v2\/types\/post"}],"author":[{"embeddable":true,"href":"http:\/\/centrum-kultury.pl\/biblioteka\/wp-json\/wp\/v2\/users\/3"}],"replies":[{"embeddable":true,"href":"http:\/\/centrum-kultury.pl\/biblioteka\/wp-json\/wp\/v2\/comments?post=3368"}],"version-history":[{"count":2,"href":"http:\/\/centrum-kultury.pl\/biblioteka\/wp-json\/wp\/v2\/posts\/3368\/revisions"}],"predecessor-version":[{"id":3600,"href":"http:\/\/centrum-kultury.pl\/biblioteka\/wp-json\/wp\/v2\/posts\/3368\/revisions\/3600"}],"wp:featuredmedia":[{"embeddable":true,"href":"http:\/\/centrum-kultury.pl\/biblioteka\/wp-json\/wp\/v2\/media\/3369"}],"wp:attachment":[{"href":"http:\/\/centrum-kultury.pl\/biblioteka\/wp-json\/wp\/v2\/media?parent=3368"}],"wp:term":[{"taxonomy":"category","embeddable":true,"href":"http:\/\/centrum-kultury.pl\/biblioteka\/wp-json\/wp\/v2\/categories?post=3368"},{"taxonomy":"post_tag","embeddable":true,"href":"http:\/\/centrum-kultury.pl\/biblioteka\/wp-json\/wp\/v2\/tags?post=3368"}],"curies":[{"name":"wp","href":"https:\/\/api.w.org\/{rel}","templated":true}]}}